{"id":3667,"date":"2026-01-13T17:50:35","date_gmt":"2026-01-13T17:50:35","guid":{"rendered":"https:\/\/www.formation4you.com\/quand-le-leadership-a-besoin-de-sens-du-rythme\/"},"modified":"2026-01-15T05:10:44","modified_gmt":"2026-01-15T05:10:44","slug":"quand-le-leadership-a-besoin-de-sens-du-rythme","status":"publish","type":"post","link":"https:\/\/www.formation4you.com\/fr\/quand-le-leadership-a-besoin-de-sens-du-rythme\/","title":{"rendered":"Quand le leadership a besoin de sens du rythme"},"content":{"rendered":"<p>[et_pb_section fb_built=\u00a0\u00bb1&Prime; theme_builder_area=\u00a0\u00bbpost_content\u00a0\u00bb _builder_version=\u00a0\u00bb4.27.5&Prime; _module_preset=\u00a0\u00bbdefault\u00a0\u00bb][et_pb_row _builder_version=\u00a0\u00bb4.27.5&Prime; _module_preset=\u00a0\u00bbdefault\u00a0\u00bb theme_builder_area=\u00a0\u00bbpost_content\u00a0\u00bb][et_pb_column _builder_version=\u00a0\u00bb4.27.5&Prime; _module_preset=\u00a0\u00bbdefault\u00a0\u00bb type=\u00a0\u00bb4_4&Prime; theme_builder_area=\u00a0\u00bbpost_content\u00a0\u00bb][et_pb_text _builder_version=\u00a0\u00bb4.27.5&Prime; _module_preset=\u00a0\u00bbdefault\u00a0\u00bb theme_builder_area=\u00a0\u00bbpost_content\u00a0\u00bb hover_enabled=\u00a0\u00bb0&Prime; sticky_enabled=\u00a0\u00bb0&Prime;]<\/p>\n<h2>Formation4You c\u2019est aussi \u00e7a:<\/h2>\n<h3>Quand le leadership a besoin de sens du rythme et que la formation sonne comme de la musique<\/h3>\n<p>Quiconque conna\u00eet <strong>Formation4You <\/strong>y reconna\u00eet clart\u00e9, structure et impact. Ce que beaucoup ignorent : derri\u00e8re ces qualit\u00e9s ne se trouve pas uniquement une expertise m\u00e9thodologique, mais aussi un solide fondement musical. Dans sa jeunesse, Hubert Ortner a d\u00fb faire un choix d\u00e9terminant : musique ou entrepreunariat. Deux passions qui l\u2019ont fa\u00e7onn\u00e9. Il a choisi l\u2019entrepreunariat \u2013 une d\u00e9cision sans laquelle Formation4You n\u2019existerait pas aujourd\u2019hui. Pourtant, la musique est rest\u00e9e une constante importante au fil des ans. Chaque ann\u00e9e, il monte sur sc\u00e8ne avec le <strong>Salonorchester Ortner<\/strong> et participe \u00e0 un concert du Nouvel An, qui en est cette ann\u00e9e d\u00e9j\u00e0 \u00e0 sa <strong>douzi\u00e8me \u00e9dition<\/strong>. Une belle tradition et bien plus qu\u2019un loisir.        <\/p>\n<p>Car il n\u2019existe aucun ab\u00eeme entre travail orchestral, formation, coaching ou conseil aux entreprises. Bien au contraire : ils suivent les m\u00eames principes essentiels. <\/p>\n<h3>Un orchestre n\u2019est pas un hasard, pas plus qu\u2019une bonne collaboration.<\/h3>\n<p>Un orchestre ne fonctionne pas parce que chacun joue parfaitement seul. Il fonctionne parce que <strong>l\u2019\u00e9coute, le timing, la conscience du r\u00f4le de chacun<\/strong> et l\u2019alignement commun se rencontrent. La partition donne un cadre, mais la vie na\u00eet seulement dans l\u2019interaction. Dans les formations et les processus de conseil, nous observons exactement le m\u00eame mod\u00e8le :   <\/p>\n<ul>\n<li>L\u2019excellence technique seule ne suffit pas<\/li>\n<li>Sans attitude commune, aucun son ne na\u00eet<\/li>\n<li>Sans direction claire, m\u00eame un grand talent perd en impact<\/li>\n<\/ul>\n<h3>Le leadership n\u2019est pas un solo \u2013 c\u2019est diriger<\/h3>\n<p>Un bon chef d\u2019orchestre ne joue pas chaque voix lui-m\u00eame. Il cr\u00e9e un <strong>cadre<\/strong>, donne des <strong>impulsions<\/strong>, lit la salle et r\u00e9agit aux dynamiques du moment.<br \/>C\u2019est ainsi que nous comprenons le leadership et le d\u00e9veloppement organisationnel : non comme une d\u00e9monstration de pouvoir, mais comme un fa\u00e7onnage conscient de la r\u00e9sonance. <\/p>\n<p>Cette mani\u00e8re de penser, issue de la musique, impr\u00e8gne profond\u00e9ment le travail de Formation4You :<\/p>\n<ul>\n<li>Du rythme plut\u00f4t qu\u2019un stress permanent<\/li>\n<li>Des pauses comme \u00e9l\u00e9ments productifs<\/li>\n<li>Un r\u00e9glage fin plut\u00f4t qu\u2019un pilotage brutal<\/li>\n<\/ul>\n<p>Quiconque a d\u00e9j\u00e0 per\u00e7u comment un orchestre respire d\u2019un seul mouvement apr\u00e8s un geste minimal comprend ce que nous entendons par leadership efficace.<\/p>\n<h3>La formation a besoin de dramaturgie \u2013 comme un concert<br \/><\/h3>\n<p>Un bon concert n\u2019est pas une succession de morceaux. Il raconte une histoire, construit une tension, laisse de l\u2019espace et se termine avec une r\u00e9sonance. Il en va de m\u00eame pour les processus d\u2019apprentissage et de d\u00e9veloppement.  <\/p>\n<p>Nos formations ne sont donc pas des collections m\u00e9thodologiques, mais <strong>des espaces d\u2019apprentissage compos\u00e9s<\/strong> : con\u00e7us avec clart\u00e9, connect\u00e9s \u00e9motionnellement et ouverts \u00e0 l\u2019interpr\u00e9tation individuelle. C\u2019est ainsi que se cr\u00e9e le transfert \u2013 non par le volume, mais par la coh\u00e9rence. <\/p>\n<h3>Aucune contradiction. Une posture. <\/h3>\n<p>Que le directeur de Formation4You soit aussi musicien n\u2019a rien de contradictoire avec la professionnalit\u00e9. C\u2019en est la source.<br \/>La musique d\u00e9veloppe la perception, l\u2019humilit\u00e9 face au collectif et le respect de la diff\u00e9rence \u2013 des comp\u00e9tences dont les organisations ont besoin aujourd\u2019hui plus que jamais.  <\/p>\n<p>En d\u2019autres termes : qui a d\u00e9j\u00e0 v\u00e9cu ce qui se produit lorsque de nombreuses voix s\u2019\u00e9coutent r\u00e9ellement apporte cette qualit\u00e9 dans les entreprises, les \u00e9quipes et les processus de leadership.<\/p>\n<p><strong>Voil\u00e0 aussi Formation4You. Et peut-\u00eatre est-ce justement ce rythme fin et souvent invisible qui fait la diff\u00e9rence. <\/strong>Et peut-\u00eatre est-ce justement ce rythme fin et souvent invisible qui fait la diff\u00e9rence.<\/p>\n<p><em><strong>Vous vous demandez quels services propose Formation4You ? Vous trouverez une vue d\u2019ensemble <a href=\"https:\/\/www.formation4you.com\/fr\/performance4you\/prestations\/\">ici<\/a><\/strong><\/em>. <\/p>\n<p>[\/et_pb_text][et_pb_button button_text=\u00a0\u00bbDienstleistungen\u00a0\u00bb _builder_version=\u00a0\u00bb4.27.5&Prime; _module_preset=\u00a0\u00bbdefault\u00a0\u00bb theme_builder_area=\u00a0\u00bbpost_content\u00a0\u00bb button_url=\u00a0\u00bbhttps:\/\/www.formation4you.com\/performance4you\/prestations\/\u00a0\u00bb hover_enabled=\u00a0\u00bb0&Prime; sticky_enabled=\u00a0\u00bb0&Prime;][\/et_pb_button][\/et_pb_column][\/et_pb_row][\/et_pb_section]<\/p>\n","protected":false},"excerpt":{"rendered":"<p>Formation4You c\u2019est aussi \u00e7a: Quand le leadership a besoin de sens du rythme et que la formation sonne comme de la musique Quiconque conna\u00eet Formation4You y reconna\u00eet clart\u00e9, structure et impact. Ce que beaucoup ignorent : derri\u00e8re ces qualit\u00e9s ne se trouve pas uniquement une expertise m\u00e9thodologique, mais aussi un solide fondement musical. Dans sa [&hellip;]<\/p>\n","protected":false},"author":3,"featured_media":3629,"comment_status":"open","ping_status":"open","sticky":false,"template":"","format":"standard","meta":{"_acf_changed":false,"_et_pb_use_builder":"on","_et_pb_old_content":"","_et_gb_content_width":"","footnotes":""},"categories":[43],"tags":[],"class_list":["post-3667","post","type-post","status-publish","format-standard","has-post-thumbnail","hentry","category-training-insights-fr"],"acf":[],"yoast_head":"<!-- This site is optimized with the Yoast SEO plugin v27.4 - https:\/\/yoast.com\/product\/yoast-seo-wordpress\/ -->\n<title>Quand le leadership a besoin de sens du rythme - Formation4you<\/title>\n<meta name=\"robots\" content=\"index, follow, max-snippet:-1, max-image-preview:large, max-video-preview:-1\" \/>\n<link rel=\"canonical\" href=\"https:\/\/www.formation4you.com\/fr\/quand-le-leadership-a-besoin-de-sens-du-rythme\/\" \/>\n<meta property=\"og:locale\" content=\"fr_FR\" \/>\n<meta property=\"og:type\" content=\"article\" \/>\n<meta property=\"og:title\" content=\"Quand le leadership a besoin de sens du rythme - Formation4you\" \/>\n<meta property=\"og:description\" content=\"Formation4You c\u2019est aussi \u00e7a: Quand le leadership a besoin de sens du rythme et que la formation sonne comme de la musique Quiconque conna\u00eet Formation4You y reconna\u00eet clart\u00e9, structure et impact. Ce que beaucoup ignorent : derri\u00e8re ces qualit\u00e9s ne se trouve pas uniquement une expertise m\u00e9thodologique, mais aussi un solide fondement musical. Dans sa [&hellip;]\" \/>\n<meta property=\"og:url\" content=\"https:\/\/www.formation4you.com\/fr\/quand-le-leadership-a-besoin-de-sens-du-rythme\/\" \/>\n<meta property=\"og:site_name\" content=\"Formation4you\" \/>\n<meta property=\"article:published_time\" content=\"2026-01-13T17:50:35+00:00\" \/>\n<meta property=\"article:modified_time\" content=\"2026-01-15T05:10:44+00:00\" \/>\n<meta property=\"og:image\" content=\"https:\/\/www.formation4you.com\/wp-content\/uploads\/2026\/01\/Neujahrskonzert_2026_Auch-das-ist-die-Formation4You-scaled.jpg\" \/>\n\t<meta property=\"og:image:width\" content=\"2560\" \/>\n\t<meta property=\"og:image:height\" content=\"1608\" \/>\n\t<meta property=\"og:image:type\" content=\"image\/jpeg\" \/>\n<meta name=\"author\" content=\"Formation4you\" \/>\n<meta name=\"twitter:card\" content=\"summary_large_image\" \/>\n<meta name=\"twitter:label1\" content=\"\u00c9crit par\" \/>\n\t<meta name=\"twitter:data1\" content=\"Formation4you\" \/>\n\t<meta name=\"twitter:label2\" content=\"Dur\u00e9e de lecture estim\u00e9e\" \/>\n\t<meta name=\"twitter:data2\" content=\"4 minutes\" \/>\n<script type=\"application\/ld+json\" class=\"yoast-schema-graph\">{\"@context\":\"https:\\\/\\\/schema.org\",\"@graph\":[{\"@type\":\"Article\",\"@id\":\"https:\\\/\\\/www.formation4you.com\\\/fr\\\/quand-le-leadership-a-besoin-de-sens-du-rythme\\\/#article\",\"isPartOf\":{\"@id\":\"https:\\\/\\\/www.formation4you.com\\\/fr\\\/quand-le-leadership-a-besoin-de-sens-du-rythme\\\/\"},\"author\":{\"name\":\"Formation4you\",\"@id\":\"https:\\\/\\\/www.formation4you.com\\\/fr\\\/#\\\/schema\\\/person\\\/766f78cf8331d950142ee9ae231de4de\"},\"headline\":\"Quand le leadership a besoin de sens du rythme\",\"datePublished\":\"2026-01-13T17:50:35+00:00\",\"dateModified\":\"2026-01-15T05:10:44+00:00\",\"mainEntityOfPage\":{\"@id\":\"https:\\\/\\\/www.formation4you.com\\\/fr\\\/quand-le-leadership-a-besoin-de-sens-du-rythme\\\/\"},\"wordCount\":774,\"commentCount\":0,\"image\":{\"@id\":\"https:\\\/\\\/www.formation4you.com\\\/fr\\\/quand-le-leadership-a-besoin-de-sens-du-rythme\\\/#primaryimage\"},\"thumbnailUrl\":\"https:\\\/\\\/www.formation4you.com\\\/wp-content\\\/uploads\\\/2026\\\/01\\\/Neujahrskonzert_2026_Auch-das-ist-die-Formation4You-scaled.jpg\",\"articleSection\":[\"Training Insights\"],\"inLanguage\":\"fr-FR\",\"potentialAction\":[{\"@type\":\"CommentAction\",\"name\":\"Comment\",\"target\":[\"https:\\\/\\\/www.formation4you.com\\\/fr\\\/quand-le-leadership-a-besoin-de-sens-du-rythme\\\/#respond\"]}]},{\"@type\":\"WebPage\",\"@id\":\"https:\\\/\\\/www.formation4you.com\\\/fr\\\/quand-le-leadership-a-besoin-de-sens-du-rythme\\\/\",\"url\":\"https:\\\/\\\/www.formation4you.com\\\/fr\\\/quand-le-leadership-a-besoin-de-sens-du-rythme\\\/\",\"name\":\"Quand le leadership a besoin de sens du rythme - Formation4you\",\"isPartOf\":{\"@id\":\"https:\\\/\\\/www.formation4you.com\\\/fr\\\/#website\"},\"primaryImageOfPage\":{\"@id\":\"https:\\\/\\\/www.formation4you.com\\\/fr\\\/quand-le-leadership-a-besoin-de-sens-du-rythme\\\/#primaryimage\"},\"image\":{\"@id\":\"https:\\\/\\\/www.formation4you.com\\\/fr\\\/quand-le-leadership-a-besoin-de-sens-du-rythme\\\/#primaryimage\"},\"thumbnailUrl\":\"https:\\\/\\\/www.formation4you.com\\\/wp-content\\\/uploads\\\/2026\\\/01\\\/Neujahrskonzert_2026_Auch-das-ist-die-Formation4You-scaled.jpg\",\"datePublished\":\"2026-01-13T17:50:35+00:00\",\"dateModified\":\"2026-01-15T05:10:44+00:00\",\"author\":{\"@id\":\"https:\\\/\\\/www.formation4you.com\\\/fr\\\/#\\\/schema\\\/person\\\/766f78cf8331d950142ee9ae231de4de\"},\"breadcrumb\":{\"@id\":\"https:\\\/\\\/www.formation4you.com\\\/fr\\\/quand-le-leadership-a-besoin-de-sens-du-rythme\\\/#breadcrumb\"},\"inLanguage\":\"fr-FR\",\"potentialAction\":[{\"@type\":\"ReadAction\",\"target\":[\"https:\\\/\\\/www.formation4you.com\\\/fr\\\/quand-le-leadership-a-besoin-de-sens-du-rythme\\\/\"]}]},{\"@type\":\"ImageObject\",\"inLanguage\":\"fr-FR\",\"@id\":\"https:\\\/\\\/www.formation4you.com\\\/fr\\\/quand-le-leadership-a-besoin-de-sens-du-rythme\\\/#primaryimage\",\"url\":\"https:\\\/\\\/www.formation4you.com\\\/wp-content\\\/uploads\\\/2026\\\/01\\\/Neujahrskonzert_2026_Auch-das-ist-die-Formation4You-scaled.jpg\",\"contentUrl\":\"https:\\\/\\\/www.formation4you.com\\\/wp-content\\\/uploads\\\/2026\\\/01\\\/Neujahrskonzert_2026_Auch-das-ist-die-Formation4You-scaled.jpg\",\"width\":2560,\"height\":1608,\"caption\":\"Das Salonorchester Ortner in Vollbesetzung mit Instrumenten und feierlicher Robe\"},{\"@type\":\"BreadcrumbList\",\"@id\":\"https:\\\/\\\/www.formation4you.com\\\/fr\\\/quand-le-leadership-a-besoin-de-sens-du-rythme\\\/#breadcrumb\",\"itemListElement\":[{\"@type\":\"ListItem\",\"position\":1,\"name\":\"Startseite\",\"item\":\"https:\\\/\\\/www.formation4you.com\\\/fr\\\/performance4you\\\/\"},{\"@type\":\"ListItem\",\"position\":2,\"name\":\"Quand le leadership a besoin de sens du rythme\"}]},{\"@type\":\"WebSite\",\"@id\":\"https:\\\/\\\/www.formation4you.com\\\/fr\\\/#website\",\"url\":\"https:\\\/\\\/www.formation4you.com\\\/fr\\\/\",\"name\":\"Formation4you\",\"description\":\"rofitieren Sie  von unserem Beratungs- und Weiterbildungs-Angebot\",\"potentialAction\":[{\"@type\":\"SearchAction\",\"target\":{\"@type\":\"EntryPoint\",\"urlTemplate\":\"https:\\\/\\\/www.formation4you.com\\\/fr\\\/?s={search_term_string}\"},\"query-input\":{\"@type\":\"PropertyValueSpecification\",\"valueRequired\":true,\"valueName\":\"search_term_string\"}}],\"inLanguage\":\"fr-FR\"},{\"@type\":\"Person\",\"@id\":\"https:\\\/\\\/www.formation4you.com\\\/fr\\\/#\\\/schema\\\/person\\\/766f78cf8331d950142ee9ae231de4de\",\"name\":\"Formation4you\",\"image\":{\"@type\":\"ImageObject\",\"inLanguage\":\"fr-FR\",\"@id\":\"https:\\\/\\\/secure.gravatar.com\\\/avatar\\\/1f28fcf273783a6603815b1e9bd0abe57c47185f1632b8f1030083656f2f1962?s=96&d=mm&r=g\",\"url\":\"https:\\\/\\\/secure.gravatar.com\\\/avatar\\\/1f28fcf273783a6603815b1e9bd0abe57c47185f1632b8f1030083656f2f1962?s=96&d=mm&r=g\",\"contentUrl\":\"https:\\\/\\\/secure.gravatar.com\\\/avatar\\\/1f28fcf273783a6603815b1e9bd0abe57c47185f1632b8f1030083656f2f1962?s=96&d=mm&r=g\",\"caption\":\"Formation4you\"},\"url\":\"https:\\\/\\\/www.formation4you.com\\\/fr\\\/author\\\/ricky\\\/\"}]}<\/script>\n<!-- \/ Yoast SEO plugin. -->","yoast_head_json":{"title":"Quand le leadership a besoin de sens du rythme - Formation4you","robots":{"index":"index","follow":"follow","max-snippet":"max-snippet:-1","max-image-preview":"max-image-preview:large","max-video-preview":"max-video-preview:-1"},"canonical":"https:\/\/www.formation4you.com\/fr\/quand-le-leadership-a-besoin-de-sens-du-rythme\/","og_locale":"fr_FR","og_type":"article","og_title":"Quand le leadership a besoin de sens du rythme - Formation4you","og_description":"Formation4You c\u2019est aussi \u00e7a: Quand le leadership a besoin de sens du rythme et que la formation sonne comme de la musique Quiconque conna\u00eet Formation4You y reconna\u00eet clart\u00e9, structure et impact. Ce que beaucoup ignorent : derri\u00e8re ces qualit\u00e9s ne se trouve pas uniquement une expertise m\u00e9thodologique, mais aussi un solide fondement musical. Dans sa [&hellip;]","og_url":"https:\/\/www.formation4you.com\/fr\/quand-le-leadership-a-besoin-de-sens-du-rythme\/","og_site_name":"Formation4you","article_published_time":"2026-01-13T17:50:35+00:00","article_modified_time":"2026-01-15T05:10:44+00:00","og_image":[{"width":2560,"height":1608,"url":"https:\/\/www.formation4you.com\/wp-content\/uploads\/2026\/01\/Neujahrskonzert_2026_Auch-das-ist-die-Formation4You-scaled.jpg","type":"image\/jpeg"}],"author":"Formation4you","twitter_card":"summary_large_image","twitter_misc":{"\u00c9crit par":"Formation4you","Dur\u00e9e de lecture estim\u00e9e":"4 minutes"},"schema":{"@context":"https:\/\/schema.org","@graph":[{"@type":"Article","@id":"https:\/\/www.formation4you.com\/fr\/quand-le-leadership-a-besoin-de-sens-du-rythme\/#article","isPartOf":{"@id":"https:\/\/www.formation4you.com\/fr\/quand-le-leadership-a-besoin-de-sens-du-rythme\/"},"author":{"name":"Formation4you","@id":"https:\/\/www.formation4you.com\/fr\/#\/schema\/person\/766f78cf8331d950142ee9ae231de4de"},"headline":"Quand le leadership a besoin de sens du rythme","datePublished":"2026-01-13T17:50:35+00:00","dateModified":"2026-01-15T05:10:44+00:00","mainEntityOfPage":{"@id":"https:\/\/www.formation4you.com\/fr\/quand-le-leadership-a-besoin-de-sens-du-rythme\/"},"wordCount":774,"commentCount":0,"image":{"@id":"https:\/\/www.formation4you.com\/fr\/quand-le-leadership-a-besoin-de-sens-du-rythme\/#primaryimage"},"thumbnailUrl":"https:\/\/www.formation4you.com\/wp-content\/uploads\/2026\/01\/Neujahrskonzert_2026_Auch-das-ist-die-Formation4You-scaled.jpg","articleSection":["Training Insights"],"inLanguage":"fr-FR","potentialAction":[{"@type":"CommentAction","name":"Comment","target":["https:\/\/www.formation4you.com\/fr\/quand-le-leadership-a-besoin-de-sens-du-rythme\/#respond"]}]},{"@type":"WebPage","@id":"https:\/\/www.formation4you.com\/fr\/quand-le-leadership-a-besoin-de-sens-du-rythme\/","url":"https:\/\/www.formation4you.com\/fr\/quand-le-leadership-a-besoin-de-sens-du-rythme\/","name":"Quand le leadership a besoin de sens du rythme - Formation4you","isPartOf":{"@id":"https:\/\/www.formation4you.com\/fr\/#website"},"primaryImageOfPage":{"@id":"https:\/\/www.formation4you.com\/fr\/quand-le-leadership-a-besoin-de-sens-du-rythme\/#primaryimage"},"image":{"@id":"https:\/\/www.formation4you.com\/fr\/quand-le-leadership-a-besoin-de-sens-du-rythme\/#primaryimage"},"thumbnailUrl":"https:\/\/www.formation4you.com\/wp-content\/uploads\/2026\/01\/Neujahrskonzert_2026_Auch-das-ist-die-Formation4You-scaled.jpg","datePublished":"2026-01-13T17:50:35+00:00","dateModified":"2026-01-15T05:10:44+00:00","author":{"@id":"https:\/\/www.formation4you.com\/fr\/#\/schema\/person\/766f78cf8331d950142ee9ae231de4de"},"breadcrumb":{"@id":"https:\/\/www.formation4you.com\/fr\/quand-le-leadership-a-besoin-de-sens-du-rythme\/#breadcrumb"},"inLanguage":"fr-FR","potentialAction":[{"@type":"ReadAction","target":["https:\/\/www.formation4you.com\/fr\/quand-le-leadership-a-besoin-de-sens-du-rythme\/"]}]},{"@type":"ImageObject","inLanguage":"fr-FR","@id":"https:\/\/www.formation4you.com\/fr\/quand-le-leadership-a-besoin-de-sens-du-rythme\/#primaryimage","url":"https:\/\/www.formation4you.com\/wp-content\/uploads\/2026\/01\/Neujahrskonzert_2026_Auch-das-ist-die-Formation4You-scaled.jpg","contentUrl":"https:\/\/www.formation4you.com\/wp-content\/uploads\/2026\/01\/Neujahrskonzert_2026_Auch-das-ist-die-Formation4You-scaled.jpg","width":2560,"height":1608,"caption":"Das Salonorchester Ortner in Vollbesetzung mit Instrumenten und feierlicher Robe"},{"@type":"BreadcrumbList","@id":"https:\/\/www.formation4you.com\/fr\/quand-le-leadership-a-besoin-de-sens-du-rythme\/#breadcrumb","itemListElement":[{"@type":"ListItem","position":1,"name":"Startseite","item":"https:\/\/www.formation4you.com\/fr\/performance4you\/"},{"@type":"ListItem","position":2,"name":"Quand le leadership a besoin de sens du rythme"}]},{"@type":"WebSite","@id":"https:\/\/www.formation4you.com\/fr\/#website","url":"https:\/\/www.formation4you.com\/fr\/","name":"Formation4you","description":"rofitieren Sie  von unserem Beratungs- und Weiterbildungs-Angebot","potentialAction":[{"@type":"SearchAction","target":{"@type":"EntryPoint","urlTemplate":"https:\/\/www.formation4you.com\/fr\/?s={search_term_string}"},"query-input":{"@type":"PropertyValueSpecification","valueRequired":true,"valueName":"search_term_string"}}],"inLanguage":"fr-FR"},{"@type":"Person","@id":"https:\/\/www.formation4you.com\/fr\/#\/schema\/person\/766f78cf8331d950142ee9ae231de4de","name":"Formation4you","image":{"@type":"ImageObject","inLanguage":"fr-FR","@id":"https:\/\/secure.gravatar.com\/avatar\/1f28fcf273783a6603815b1e9bd0abe57c47185f1632b8f1030083656f2f1962?s=96&d=mm&r=g","url":"https:\/\/secure.gravatar.com\/avatar\/1f28fcf273783a6603815b1e9bd0abe57c47185f1632b8f1030083656f2f1962?s=96&d=mm&r=g","contentUrl":"https:\/\/secure.gravatar.com\/avatar\/1f28fcf273783a6603815b1e9bd0abe57c47185f1632b8f1030083656f2f1962?s=96&d=mm&r=g","caption":"Formation4you"},"url":"https:\/\/www.formation4you.com\/fr\/author\/ricky\/"}]}},"_links":{"self":[{"href":"https:\/\/www.formation4you.com\/fr\/wp-json\/wp\/v2\/posts\/3667","targetHints":{"allow":["GET"]}}],"collection":[{"href":"https:\/\/www.formation4you.com\/fr\/wp-json\/wp\/v2\/posts"}],"about":[{"href":"https:\/\/www.formation4you.com\/fr\/wp-json\/wp\/v2\/types\/post"}],"author":[{"embeddable":true,"href":"https:\/\/www.formation4you.com\/fr\/wp-json\/wp\/v2\/users\/3"}],"replies":[{"embeddable":true,"href":"https:\/\/www.formation4you.com\/fr\/wp-json\/wp\/v2\/comments?post=3667"}],"version-history":[{"count":2,"href":"https:\/\/www.formation4you.com\/fr\/wp-json\/wp\/v2\/posts\/3667\/revisions"}],"predecessor-version":[{"id":3669,"href":"https:\/\/www.formation4you.com\/fr\/wp-json\/wp\/v2\/posts\/3667\/revisions\/3669"}],"wp:featuredmedia":[{"embeddable":true,"href":"https:\/\/www.formation4you.com\/fr\/wp-json\/wp\/v2\/media\/3629"}],"wp:attachment":[{"href":"https:\/\/www.formation4you.com\/fr\/wp-json\/wp\/v2\/media?parent=3667"}],"wp:term":[{"taxonomy":"category","embeddable":true,"href":"https:\/\/www.formation4you.com\/fr\/wp-json\/wp\/v2\/categories?post=3667"},{"taxonomy":"post_tag","embeddable":true,"href":"https:\/\/www.formation4you.com\/fr\/wp-json\/wp\/v2\/tags?post=3667"}],"curies":[{"name":"wp","href":"https:\/\/api.w.org\/{rel}","templated":true}]}}